{"id":1278,"date":"2013-01-14T19:59:31","date_gmt":"2013-01-14T18:59:31","guid":{"rendered":"http:\/\/francisdelariviere.be\/?p=1278"},"modified":"2013-01-14T19:59:31","modified_gmt":"2013-01-14T18:59:31","slug":"a-la-toussaint","status":"publish","type":"post","link":"https:\/\/francisdelariviere.be\/?p=1278","title":{"rendered":"A la Toussaint"},"content":{"rendered":"<p style=\"text-align: center;\">A un peu moins de 4000 m\u00e8tres d&#8217;altitude, recueillement pour les \u00eatres chers disparus&#8230;<\/p>\n<p style=\"text-align: center;\"><a href=\"http:\/\/francisdelariviere.be\/wp-content\/uploads\/2013\/01\/DSC09797poursite.jpg\"><img loading=\"lazy\" class=\"aligncenter  wp-image-1286\" title=\"Messe de Toussaint dans les hauteurs de Progreso\" src=\"http:\/\/francisdelariviere.be\/wp-content\/uploads\/2013\/01\/DSC09797poursite.jpg\" alt=\"\" width=\"341\" height=\"258\" \/><\/a><\/p>\n<p style=\"text-align: center;\">&#8220;Padre Jorge&#8221; encourage les familles endeuill\u00e9es&#8230;<\/p>\n<p style=\"text-align: center;\"><a href=\"http:\/\/francisdelariviere.be\/wp-content\/uploads\/2013\/01\/DSC09812poursite.jpg\"><img loading=\"lazy\" class=\"aligncenter  wp-image-1284\" title=\"Communion des saints\" src=\"http:\/\/francisdelariviere.be\/wp-content\/uploads\/2013\/01\/DSC09812poursite.jpg\" alt=\"\" width=\"258\" height=\"341\" \/><\/a><\/p>\n<p style=\"text-align: center;\">Au moment de l&#8217;\u00e9l\u00e9vation&#8230;<\/p>\n<p style=\"text-align: center;\"><a href=\"http:\/\/francisdelariviere.be\/wp-content\/uploads\/2013\/01\/DSC09825poursite.jpg\"><img loading=\"lazy\" class=\"aligncenter  wp-image-1280\" title=\"Messe en plein air\" src=\"http:\/\/francisdelariviere.be\/wp-content\/uploads\/2013\/01\/DSC09825poursite.jpg\" alt=\"\" width=\"258\" height=\"341\" \/><\/a><\/p>\n","protected":false},"excerpt":{"rendered":"<p>A un peu moins de 4000 m\u00e8tres d&#8217;altitude, recueillement pour les \u00eatres chers disparus&#8230; &#8220;Padre Jorge&#8221; encourage les familles endeuill\u00e9es&#8230; Au moment de l&#8217;\u00e9l\u00e9vation&#8230;<\/p>\n","protected":false},"author":1,"featured_media":0,"comment_status":"closed","ping_status":"closed","sticky":false,"template":"","format":"standard","meta":[],"categories":[8],"tags":[],"_links":{"self":[{"href":"https:\/\/francisdelariviere.be\/index.php?rest_route=\/wp\/v2\/posts\/1278"}],"collection":[{"href":"https:\/\/francisdelariviere.be\/index.php?rest_route=\/wp\/v2\/posts"}],"about":[{"href":"https:\/\/francisdelariviere.be\/index.php?rest_route=\/wp\/v2\/types\/post"}],"author":[{"embeddable":true,"href":"https:\/\/francisdelariviere.be\/index.php?rest_route=\/wp\/v2\/users\/1"}],"replies":[{"embeddable":true,"href":"https:\/\/francisdelariviere.be\/index.php?rest_route=%2Fwp%2Fv2%2Fcomments&post=1278"}],"version-history":[{"count":0,"href":"https:\/\/francisdelariviere.be\/index.php?rest_route=\/wp\/v2\/posts\/1278\/revisions"}],"wp:attachment":[{"href":"https:\/\/francisdelariviere.be\/index.php?rest_route=%2Fwp%2Fv2%2Fmedia&parent=1278"}],"wp:term":[{"taxonomy":"category","embeddable":true,"href":"https:\/\/francisdelariviere.be\/index.php?rest_route=%2Fwp%2Fv2%2Fcategories&post=1278"},{"taxonomy":"post_tag","embeddable":true,"href":"https:\/\/francisdelariviere.be\/index.php?rest_route=%2Fwp%2Fv2%2Ftags&post=1278"}],"curies":[{"name":"wp","href":"https:\/\/api.w.org\/{rel}","templated":true}]}}